{"id":1090,"date":"2014-09-30T23:58:27","date_gmt":"2014-09-30T21:58:27","guid":{"rendered":"http:\/\/www.diamantisen.com\/?p=1090"},"modified":"2016-02-04T00:43:50","modified_gmt":"2016-02-03T22:43:50","slug":"grekernes-ord","status":"publish","type":"post","link":"https:\/\/diamantisen.com\/?p=1090","title":{"rendered":"Grekernes ord"},"content":{"rendered":"<p>&nbsp;<\/p>\n<p>GREKERNES ORD<\/p>\n<p>Fugler fra munnen er grekernes ord:<br \/>\nLette av himmelrom, tunge av jord.<\/p>\n<p>Sky, hav, bl\u00e5 himmel: Hvor dypt de forst\u00e5s<br \/>\nsom sinnefo, thalassa, ble ouranos!<\/p>\n<p>M\u00e5ken er glaros: Det klinger s\u00e5 riktig<br \/>\nb\u00f8lgebeslektet og lysgjennomsiktig!<\/p>\n<p>Ilios, sol, har de brennende i-er.<br \/>\nSkyggen, skia, er den m\u00f8rke befrier.<\/p>\n<p>Sval av vokaler er anemos, vinden.<br \/>\nBl\u00f8tt glir selini som m\u00e5negudinnen.<\/p>\n<p>Ord hvor de bl\u00e5este fjernheter n\u00e5s:<br \/>\nOver deg: astra, og bak dem: Theos.<\/p>\n<p>Ord fra en urgrunn: Beskytt oss, bevar oss,<br \/>\nsinnefo, thalassa, anemos, glaros!<\/p>\n<p>Andr\u00e9 Bjerke<\/p>\n<p><img loading=\"lazy\" decoding=\"async\" class=\"aligncenter size-large wp-image-1088\" src=\"https:\/\/diamantisen-com.fytros.eu\/wp-content\/uploads\/2014\/09\/P1080341-1024x682.jpg\" alt=\"P1080341\" width=\"584\" height=\"388\" srcset=\"https:\/\/diamantisen.com\/wp-content\/uploads\/2014\/09\/P1080341-1024x682.jpg 1024w, https:\/\/diamantisen.com\/wp-content\/uploads\/2014\/09\/P1080341-300x200.jpg 300w, https:\/\/diamantisen.com\/wp-content\/uploads\/2014\/09\/P1080341-450x300.jpg 450w\" sizes=\"auto, (max-width: 584px) 100vw, 584px\" \/><\/p>\n","protected":false},"excerpt":{"rendered":"<p>&nbsp; GREKERNES ORD Fugler fra munnen er grekernes ord: Lette av himmelrom, tunge av jord. Sky, hav, bl\u00e5 himmel: Hvor dypt de forst\u00e5s som sinnefo, thalassa, ble ouranos! M\u00e5ken er glaros: Det klinger s\u00e5 riktig b\u00f8lgebeslektet og lysgjennomsiktig! Ilios, sol, har de brennende i-er. Skyggen, skia, er den m\u00f8rke befrier. Sval av vokaler er anemos, [&hellip;]<\/p>\n","protected":false},"author":1,"featured_media":1089,"comment_status":"open","ping_status":"open","sticky":false,"template":"","format":"standard","meta":{"footnotes":""},"categories":[6,7],"tags":[169,168],"class_list":["post-1090","post","type-post","status-publish","format-standard","has-post-thumbnail","hentry","category-hjem","category-natur-og-kulturlandskap","tag-det-greske-spraket","tag-gresk"],"_links":{"self":[{"href":"https:\/\/diamantisen.com\/index.php?rest_route=\/wp\/v2\/posts\/1090","targetHints":{"allow":["GET"]}}],"collection":[{"href":"https:\/\/diamantisen.com\/index.php?rest_route=\/wp\/v2\/posts"}],"about":[{"href":"https:\/\/diamantisen.com\/index.php?rest_route=\/wp\/v2\/types\/post"}],"author":[{"embeddable":true,"href":"https:\/\/diamantisen.com\/index.php?rest_route=\/wp\/v2\/users\/1"}],"replies":[{"embeddable":true,"href":"https:\/\/diamantisen.com\/index.php?rest_route=%2Fwp%2Fv2%2Fcomments&post=1090"}],"version-history":[{"count":0,"href":"https:\/\/diamantisen.com\/index.php?rest_route=\/wp\/v2\/posts\/1090\/revisions"}],"wp:featuredmedia":[{"embeddable":true,"href":"https:\/\/diamantisen.com\/index.php?rest_route=\/wp\/v2\/media\/1089"}],"wp:attachment":[{"href":"https:\/\/diamantisen.com\/index.php?rest_route=%2Fwp%2Fv2%2Fmedia&parent=1090"}],"wp:term":[{"taxonomy":"category","embeddable":true,"href":"https:\/\/diamantisen.com\/index.php?rest_route=%2Fwp%2Fv2%2Fcategories&post=1090"},{"taxonomy":"post_tag","embeddable":true,"href":"https:\/\/diamantisen.com\/index.php?rest_route=%2Fwp%2Fv2%2Ftags&post=1090"}],"curies":[{"name":"wp","href":"https:\/\/api.w.org\/{rel}","templated":true}]}}